{"id":262,"date":"2026-02-26T18:47:28","date_gmt":"2026-02-26T17:47:28","guid":{"rendered":"https:\/\/adi-ogrodzenia.pl\/?p=262"},"modified":"2026-02-26T18:57:45","modified_gmt":"2026-02-26T17:57:45","slug":"kiedy-najlepiej-montowac-ogrodzenie-poradnik-dla-wlascicieli-posesji","status":"publish","type":"post","link":"https:\/\/adi-ogrodzenia.pl\/?p=262","title":{"rendered":"Kiedy najlepiej montowa\u0107 ogrodzenie? Poradnik dla w\u0142a\u015bcicieli posesji"},"content":{"rendered":"\n<h2 class=\"wp-block-heading\">Planujesz nowe ogrodzenie lub bram\u0119 wjazdow\u0105? Wyb\u00f3r terminu monta\u017cu ma ogromne znaczenie dla trwa\u0142o\u015bci i komfortu u\u017cytkowania.<\/h2>\n\n\n\n<h3 class=\"wp-block-heading\">Dowiedz si\u0119, kiedy najlepiej montowa\u0107 ogrodzenie i bram\u0119 wjazdow\u0105. Czy pora roku ma znaczenie? Wiosna i lato to szczyt sezonu, jesie\u0144 pozwala przygotowa\u0107 posesj\u0119 przed zim\u0105, ale zim\u0105 realizacja te\u017c jest mo\u017cliwa. W A.D.I. Ogrodzenia, obserwujemy wyra\u017ane sezonowe trendy i ch\u0119tnie dzielimy si\u0119 do\u015bwiadczeniem, kiedy warto zdecydowa\u0107 si\u0119 na realizacj\u0119<\/h3>\n\n\n\n<h2 class=\"wp-block-heading\">Dlaczego termin monta\u017cu ogrodzenia jest wa\u017cny?<\/h2>\n\n\n\n<h3 class=\"wp-block-heading\">Pogoda, ukszta\u0142towanie terenu, czas potrzebny na betonowanie fundament\u00f3w czy monta\u017c bramy \u2013 wszystkie te czynniki wp\u0142ywaj\u0105 na jako\u015b\u0107 wykonania. W\u0142a\u015bciwy moment pozwala unikn\u0105\u0107 op\u00f3\u017anie\u0144 i problem\u00f3w technicznych oraz zapewnia, \u017ce ogrodzenie b\u0119dzie trwa\u0142e i estetyczne przez wiele lat.<\/h3>\n\n\n\n<h2 class=\"wp-block-heading\">Wiosna i lato &#8211; szczyt sezonu ogrodzeniowego<\/h2>\n\n\n\n<figure class=\"wp-block-image size-full\"><img loading=\"lazy\" decoding=\"async\" width=\"851\" height=\"315\" src=\"https:\/\/adi-ogrodzenia.pl\/wp-content\/uploads\/2026\/02\/adi_ogrodzenia_wiosna.png\" alt=\"\" class=\"wp-image-263\" srcset=\"https:\/\/adi-ogrodzenia.pl\/wp-content\/uploads\/2026\/02\/adi_ogrodzenia_wiosna.png 851w, https:\/\/adi-ogrodzenia.pl\/wp-content\/uploads\/2026\/02\/adi_ogrodzenia_wiosna-300x111.png 300w, https:\/\/adi-ogrodzenia.pl\/wp-content\/uploads\/2026\/02\/adi_ogrodzenia_wiosna-768x284.png 768w\" sizes=\"auto, (max-width: 851px) 100vw, 851px\" \/><\/figure>\n\n\n\n<h3 class=\"wp-block-heading\">Najwi\u0119cej klient\u00f3w decyduje si\u0119 na monta\u017c ogrodzenia <strong>wiosn\u0105 i latem<\/strong>. To czas, gdy:<\/h3>\n\n\n\n<ul class=\"wp-block-list\">\n<li>gleba jest sucha i \u0142atwa do obr\u00f3bki,<\/li>\n\n\n\n<li>pogoda sprzyja betonowaniu fundament\u00f3w,<\/li>\n\n\n\n<li>instalacja bramy i automatyki przebiega bez przeszk\u00f3d atmosferycznych.<\/li>\n<\/ul>\n\n\n\n<h3 class=\"wp-block-heading\">Zalet\u0105 jest szybka realizacja i mo\u017cliwo\u015b\u0107 korzystania z ogrodu czy podjazdu ju\u017c w pierwszych miesi\u0105cach sezonu. Wad\u0105 mo\u017ce by\u0107 wi\u0119ksza konkurencja w\u015br\u00f3d firm monta\u017cowych, dlatego warto rezerwowa\u0107 termin wcze\u015bniej.<\/h3>\n\n\n\n<h2 class=\"wp-block-heading\">Jesie\u0144 &#8211; doskona\u0142y czas na przygotowanie posesji przed zim\u0105<\/h2>\n\n\n\n<figure class=\"wp-block-image size-full\"><img loading=\"lazy\" decoding=\"async\" width=\"851\" height=\"315\" src=\"https:\/\/adi-ogrodzenia.pl\/wp-content\/uploads\/2026\/02\/adi_ogrodzenia_jesien.png\" alt=\"\" class=\"wp-image-264\" srcset=\"https:\/\/adi-ogrodzenia.pl\/wp-content\/uploads\/2026\/02\/adi_ogrodzenia_jesien.png 851w, https:\/\/adi-ogrodzenia.pl\/wp-content\/uploads\/2026\/02\/adi_ogrodzenia_jesien-300x111.png 300w, https:\/\/adi-ogrodzenia.pl\/wp-content\/uploads\/2026\/02\/adi_ogrodzenia_jesien-768x284.png 768w\" sizes=\"auto, (max-width: 851px) 100vw, 851px\" \/><\/figure>\n\n\n\n<p>Jesie\u0144 w okolicach \u0141odzi czy Warszawy to r\u00f3wnie\u017c bardzo dobry moment na monta\u017c ogrodzenia. Cho\u0107 dni s\u0105 kr\u00f3tsze, a pogoda mniej przewidywalna, wiele prac mo\u017cna wykona\u0107 wci\u0105\u017c komfortowo.<br>Dlaczego warto montowa\u0107 ogrodzenie jesieni\u0105?<\/p>\n\n\n\n<ul class=\"wp-block-list\">\n<li>Przed zim\u0105 posesja jest ju\u017c zabezpieczona,<\/li>\n\n\n\n<li>fundamenty i s\u0142upki maj\u0105 czas, aby dobrze zwi\u0105za\u0107 przed mrozem,<\/li>\n\n\n\n<li>mniejszy ruch w bran\u017cy pozwala na szybsz\u0105 realizacj\u0119.<\/li>\n<\/ul>\n\n\n\n<h3 class=\"wp-block-heading\">Jesie\u0144 to idealny kompromis mi\u0119dzy warunkami atmosferycznymi a dost\u0119pno\u015bci\u0105 termin\u00f3w dla wykonawc\u00f3w.<\/h3>\n\n\n\n<h2 class=\"wp-block-heading\">Zima &#8211; nieoczywisty, ale mo\u017cliwy okres realizacji<br><\/h2>\n\n\n\n<figure class=\"wp-block-image size-full\"><img loading=\"lazy\" decoding=\"async\" width=\"851\" height=\"315\" src=\"https:\/\/adi-ogrodzenia.pl\/wp-content\/uploads\/2026\/02\/adi_ogrodzenia_zima.png\" alt=\"\" class=\"wp-image-265\" srcset=\"https:\/\/adi-ogrodzenia.pl\/wp-content\/uploads\/2026\/02\/adi_ogrodzenia_zima.png 851w, https:\/\/adi-ogrodzenia.pl\/wp-content\/uploads\/2026\/02\/adi_ogrodzenia_zima-300x111.png 300w, https:\/\/adi-ogrodzenia.pl\/wp-content\/uploads\/2026\/02\/adi_ogrodzenia_zima-768x284.png 768w\" sizes=\"auto, (max-width: 851px) 100vw, 851px\" \/><\/figure>\n\n\n\n<h3 class=\"wp-block-heading\">W Polsce zima bywa wymagaj\u0105ca, ale dla profesjonalnej firmy nie jest przeszkod\u0105. Niekt\u00f3re typy ogrodze\u0144, w tym <strong>ogrodzenia panelowe<\/strong> i <strong>bramy wjazdowe<\/strong>, mo\u017cna montowa\u0107 nawet przy ujemnych temperaturach, pod warunkiem \u017ce:<\/h3>\n\n\n\n<ul class=\"wp-block-list\">\n<li>pod\u0142o\u017ce nie jest zamarzni\u0119te w stopniu uniemo\u017cliwiaj\u0105cym betonowanie,<\/li>\n\n\n\n<li>prace s\u0105 dobrze zaplanowane i zabezpieczone,<\/li>\n\n\n\n<li>wybrane materia\u0142y i technologia monta\u017cu s\u0105 dostosowane do warunk\u00f3w.<\/li>\n<\/ul>\n\n\n\n<p>Dlatego zim\u0105 tak\u017ce mo\u017cemy realizowa\u0107 zam\u00f3wienia, szczeg\u00f3lnie dla klient\u00f3w, kt\u00f3rzy potrzebuj\u0105 szybkiego monta\u017cu lub chc\u0105 zd\u0105\u017cy\u0107 przed sezonem wiosennym.<\/p>\n\n\n\n<h2 class=\"wp-block-heading\">Podsumowanie \u2013 najlepszy moment na monta\u017c ogrodzenia i bramy w wojew\u00f3dztwie \u0142\u00f3dzkim czy mazowieckim<\/h2>\n\n\n\n<ul class=\"wp-block-list\">\n<li><strong>Wiosna-lato:<\/strong> idealne dla komfortu i szybkiego wykonania, ale warto rezerwowa\u0107 termin z wyprzedzeniem.<\/li>\n\n\n\n<li><strong>Jesie\u0144:<\/strong> \u015bwietny okres, aby przygotowa\u0107 posesj\u0119 przed zim\u0105 i unikn\u0105\u0107 t\u0142oku w bran\u017cy.<\/li>\n\n\n\n<li><strong>Zima:<\/strong> mo\u017cliwa realizacja przy odpowiednim planowaniu i warunkach.<\/li>\n<\/ul>\n\n\n\n<h3 class=\"wp-block-heading\">W A.D.I. Ogrodzenia doradzamy, planujemy i montujemy ogrodzenia oraz bramy wjazdowe w Skierniewicach \u2013 tak, aby Tw\u00f3j dom czy firma by\u0142y bezpieczne i estetyczne przez wiele lat.<\/h3>\n\n\n\n<h3 class=\"wp-block-heading\">Chcesz um\u00f3wi\u0107 si\u0119 na <strong>pomiar i wycen\u0119 ogrodzenia<\/strong>? Skontaktuj si\u0119 z nami ju\u017c dzi\u015b!<\/h3>\n\n\n\n<div class=\"wp-block-group alignfull has-global-padding is-layout-constrained wp-container-core-group-is-layout-0c9c989a wp-block-group-is-layout-constrained\" style=\"min-height:0vh;margin-top:0;margin-bottom:0;padding-top:var(--wp--preset--spacing--70);padding-right:var(--wp--preset--spacing--40);padding-bottom:var(--wp--preset--spacing--70);padding-left:var(--wp--preset--spacing--40)\">\n<div class=\"wp-block-group has-global-padding is-layout-constrained wp-container-core-group-is-layout-346627ba wp-block-group-is-layout-constrained\">\n<div class=\"wp-block-buttons is-content-justification-center is-layout-flex wp-container-core-buttons-is-layout-a89b3969 wp-block-buttons-is-layout-flex\">\n<div class=\"wp-block-button\"><a class=\"wp-block-button__link wp-element-button\" href=\"https:\/\/adi-ogrodzenia.pl\/?page_id=2\">KONTAKT<\/a><\/div>\n<\/div>\n<\/div>\n<\/div>\n\n\n\n<p><\/p>\n","protected":false},"excerpt":{"rendered":"<p>Planujesz nowe ogrodzenie lub bram\u0119 wjazdow\u0105? Wyb\u00f3r terminu monta\u017cu ma ogromne znaczenie dla trwa\u0142o\u015bci i komfortu u\u017cytkowania. Dowiedz si\u0119, kiedy najlepiej montowa\u0107 ogrodzenie i bram\u0119 wjazdow\u0105. Czy pora roku ma znaczenie? Wiosna i lato to szczyt sezonu, jesie\u0144 pozwala przygotowa\u0107 posesj\u0119 przed zim\u0105, ale zim\u0105 realizacja te\u017c jest mo\u017cliwa. W A.D.I. Ogrodzenia, obserwujemy wyra\u017ane sezonowe [&hellip;]<\/p>\n","protected":false},"author":1,"featured_media":264,"comment_status":"open","ping_status":"open","sticky":false,"template":"","format":"standard","meta":{"footnotes":""},"categories":[1],"tags":[],"class_list":["post-262","post","type-post","status-publish","format-standard","has-post-thumbnail","hentry","category-bez-kategorii"],"_links":{"self":[{"href":"https:\/\/adi-ogrodzenia.pl\/index.php?rest_route=\/wp\/v2\/posts\/262","targetHints":{"allow":["GET"]}}],"collection":[{"href":"https:\/\/adi-ogrodzenia.pl\/index.php?rest_route=\/wp\/v2\/posts"}],"about":[{"href":"https:\/\/adi-ogrodzenia.pl\/index.php?rest_route=\/wp\/v2\/types\/post"}],"author":[{"embeddable":true,"href":"https:\/\/adi-ogrodzenia.pl\/index.php?rest_route=\/wp\/v2\/users\/1"}],"replies":[{"embeddable":true,"href":"https:\/\/adi-ogrodzenia.pl\/index.php?rest_route=%2Fwp%2Fv2%2Fcomments&post=262"}],"version-history":[{"count":1,"href":"https:\/\/adi-ogrodzenia.pl\/index.php?rest_route=\/wp\/v2\/posts\/262\/revisions"}],"predecessor-version":[{"id":266,"href":"https:\/\/adi-ogrodzenia.pl\/index.php?rest_route=\/wp\/v2\/posts\/262\/revisions\/266"}],"wp:featuredmedia":[{"embeddable":true,"href":"https:\/\/adi-ogrodzenia.pl\/index.php?rest_route=\/wp\/v2\/media\/264"}],"wp:attachment":[{"href":"https:\/\/adi-ogrodzenia.pl\/index.php?rest_route=%2Fwp%2Fv2%2Fmedia&parent=262"}],"wp:term":[{"taxonomy":"category","embeddable":true,"href":"https:\/\/adi-ogrodzenia.pl\/index.php?rest_route=%2Fwp%2Fv2%2Fcategories&post=262"},{"taxonomy":"post_tag","embeddable":true,"href":"https:\/\/adi-ogrodzenia.pl\/index.php?rest_route=%2Fwp%2Fv2%2Ftags&post=262"}],"curies":[{"name":"wp","href":"https:\/\/api.w.org\/{rel}","templated":true}]}}